{"id":393,"date":"2025-08-06T14:43:15","date_gmt":"2025-08-06T12:43:15","guid":{"rendered":"https:\/\/www.sabinefriess.de\/wordpress\/?p=393"},"modified":"2025-12-05T14:53:20","modified_gmt":"2025-12-05T13:53:20","slug":"veranstaltungen","status":"publish","type":"post","link":"https:\/\/www.sabinefriess.de\/wordpress\/2025\/08\/06\/veranstaltungen\/","title":{"rendered":"Veranstaltungen"},"content":{"rendered":"\n<h2 class=\"wp-block-heading\">Ausbildung in Kosmischer Heilenergetik<\/h2>\n\n\n\n<p><strong>Ausbildung in 8 Tagesmodulen in Darmstadt &#8211; Start am 19. Oktober 2025<\/strong><\/p>\n\n\n\n<p>Manchmal sp\u00fcren wir: Da ist mehr.<\/p>\n\n\n\n<p>Ein feineres Wahrnehmen, ein inneres Wissen, das sich nicht immer in Worte fassen l\u00e4sst. Vielleicht kennst du diesen Impuls \u2013 und suchst nach einem Weg, ihn zu verstehen, zu vertiefen und praktisch in dein Leben zu integrieren.<\/p>\n\n\n\n<p>In dieser Ausbildung geht es um achtsames Wahrnehmen, energetische Prozesse, innere Klarheit und intuitive Verbindung. Du brauchst keine Vorkenntnisse \u2013 nur Offenheit und Freude an energetischen Prozessen und am pers\u00f6nlichen Wachstum.<\/p>\n\n\n\n<p>Wir arbeiten mit energetischen Methoden, Intuition, innerer Pr\u00e4senz und Erdung \u2013 ganz praktisch, erfahrbar und achtsam.<\/p>\n\n\n\n<p>In acht eint\u00e4gigen Modulen lernst du:<\/p>\n\n\n\n<ul class=\"wp-block-list\">\n<li>Energien wahrzunehmen und zu lenken<\/li>\n\n\n\n<li>Methoden zur Selbstanwendung und zur unterst\u00fctzenden Begleitung<\/li>\n\n\n\n<li>mit Aura und Chakren zu arbeiten<\/li>\n\n\n\n<li>mit feinstofflichen Impulsen in Kontakt zu kommen<\/li>\n\n\n\n<li>deine Intuition zu st\u00e4rken<\/li>\n\n\n\n<li>dich energetisch zu reinigen, zu sch\u00fctzen &amp; auszurichten<\/li>\n<\/ul>\n\n\n\n<p><strong>Die Ausbildung findet in einem gesch\u00fctzten und wertsch\u00e4tzenden Rahmen statt \u2013 ein Raum, in dem du in deinem eigenen Tempo lernen, wachsen und dich entfalten darfst.<\/strong><br><\/p>\n\n\n\n<p>Wenn du dir mehr Verbindung zu dir selbst, neue Perspektiven und ein tieferes Verst\u00e4ndnis f\u00fcr energetische und ganzheitliche Zusammenh\u00e4nge w\u00fcnschst, kann diese Ausbildung ein bereichernder Weg f\u00fcr deine pers\u00f6nliche Entwicklung sein.<\/p>\n\n\n\n<p><strong>Termine<\/strong> in 8 Modulen: Start ist am Sonntag, 19.10.2025 &#8211; 5. September 2026, Sonntag bzw. Samstag, jeweils 10 &#8211; 17 \/ 18 Uhr<\/p>\n\n\n\n<p><strong>Ort<\/strong>: Bewegungsraum, Riedstra\u00dfe 2, 64295 Darmstadt<\/p>\n\n\n\n<p><strong>Kosten:<\/strong> 160\u202f\u20ac pro Modul \/ Fr\u00fchbucher-Paketpreis: 1.155\u202f\u20ac. <strong><strong>Zertifikat <\/strong>inklusive<\/strong>&nbsp;&nbsp;&nbsp;&nbsp;&nbsp;&nbsp;&nbsp;&nbsp;&nbsp;&nbsp;&nbsp;&nbsp;&nbsp;&nbsp;&nbsp;&nbsp;&nbsp;&nbsp;&nbsp;&nbsp;&nbsp;&nbsp;&nbsp;&nbsp;&nbsp;&nbsp;&nbsp;&nbsp;&nbsp;&nbsp;&nbsp;&nbsp;&nbsp;&nbsp;&nbsp;&nbsp;&nbsp;&nbsp;&nbsp;&nbsp;&nbsp;&nbsp;&nbsp;&nbsp;&nbsp;&nbsp;&nbsp;&nbsp;&nbsp;&nbsp;&nbsp;&nbsp;&nbsp;&nbsp;&nbsp;&nbsp;&nbsp;&nbsp;&nbsp;&nbsp;&nbsp;&nbsp;&nbsp;&nbsp;&nbsp;&nbsp;&nbsp;&nbsp;&nbsp;&nbsp;&nbsp;&nbsp;&nbsp;&nbsp;&nbsp;&nbsp;&nbsp;&nbsp;&nbsp;&nbsp;&nbsp;&nbsp;&nbsp;&nbsp;&nbsp;&nbsp;&nbsp;&nbsp;&nbsp;&nbsp;&nbsp;&nbsp;&nbsp;&nbsp;&nbsp;&nbsp;&nbsp; <\/p>\n\n\n\n<p><strong>Modul 1 ist offen zum Schnuppern.<\/strong><br>Du entscheidest danach, ob du weitergehen m\u00f6chtest.<\/p>\n\n\n\n<p>M\u00f6chtest du ein Modul wiederholen zahlst du nur den halben Preis.<\/p>\n\n\n\n<p><strong>Anmeldung<\/strong> und <strong>Infos<\/strong>: sabine.kroll@email.de &#8211; Tel: 0171 &#8211; 875 62 95. Bitte melde dich bis zwei Wochen vor Ausbildungsbeginn an.<\/p>\n\n\n\n<p class=\"has-text-align-center\"><strong>&#8222;Je mehr Du bei Dir selbst ankommst, umso leichter wird alles um Dich herum&#8220;<\/strong><\/p>\n\n\n\n<p>Ich freue mich, dich auf deinem Weg zu begleiten,<\/p>\n\n\n\n<p>von Herzen,<br><strong>Sabine Lilith Kroll<\/strong><\/p>\n\n\n\n<p><\/p>\n\n\n\n<p><\/p>\n\n\n\n<p>Hinweis: Diese Ausbildung ersetzt keine therapeutische oder medizinische Ma\u00dfnahme.<\/p>\n","protected":false},"excerpt":{"rendered":"<p>Ausbildung in Kosmischer Heilenergetik Ausbildung in 8 Tagesmodulen in Darmstadt &#8211; Start am 19. Oktober 2025 Manchmal sp\u00fcren wir: Da ist mehr. Ein feineres Wahrnehmen, ein inneres Wissen, das sich nicht immer in Worte fassen l\u00e4sst. Vielleicht kennst du diesen Impuls \u2013 und suchst nach einem Weg, ihn zu verstehen, zu vertiefen und praktisch in [&hellip;]<\/p>\n","protected":false},"author":1,"featured_media":0,"comment_status":"open","ping_status":"open","sticky":false,"template":"","format":"standard","meta":{"slim_seo":{"title":"Veranstaltungen - Soul2Harmony","description":"Ausbildung in Kosmischer Heilenergetik Ausbildung in 8 Tagesmodulen in Darmstadt - Start am 19. Oktober 2025 Manchmal sp\u00fcren wir: Da ist mehr. Ein feineres Wahr"},"footnotes":""},"categories":[1,8],"tags":[14,15,11,43,44,45,20],"class_list":["post-393","post","type-post","status-publish","format-standard","hentry","category-allgemein","category-veranstaltungen","tag-aura","tag-chakren","tag-energiearbeit","tag-energiemedizin","tag-heilbehandlung","tag-heilen","tag-meditation"],"_links":{"self":[{"href":"https:\/\/www.sabinefriess.de\/wordpress\/wp-json\/wp\/v2\/posts\/393","targetHints":{"allow":["GET"]}}],"collection":[{"href":"https:\/\/www.sabinefriess.de\/wordpress\/wp-json\/wp\/v2\/posts"}],"about":[{"href":"https:\/\/www.sabinefriess.de\/wordpress\/wp-json\/wp\/v2\/types\/post"}],"author":[{"embeddable":true,"href":"https:\/\/www.sabinefriess.de\/wordpress\/wp-json\/wp\/v2\/users\/1"}],"replies":[{"embeddable":true,"href":"https:\/\/www.sabinefriess.de\/wordpress\/wp-json\/wp\/v2\/comments?post=393"}],"version-history":[{"count":21,"href":"https:\/\/www.sabinefriess.de\/wordpress\/wp-json\/wp\/v2\/posts\/393\/revisions"}],"predecessor-version":[{"id":870,"href":"https:\/\/www.sabinefriess.de\/wordpress\/wp-json\/wp\/v2\/posts\/393\/revisions\/870"}],"wp:attachment":[{"href":"https:\/\/www.sabinefriess.de\/wordpress\/wp-json\/wp\/v2\/media?parent=393"}],"wp:term":[{"taxonomy":"category","embeddable":true,"href":"https:\/\/www.sabinefriess.de\/wordpress\/wp-json\/wp\/v2\/categories?post=393"},{"taxonomy":"post_tag","embeddable":true,"href":"https:\/\/www.sabinefriess.de\/wordpress\/wp-json\/wp\/v2\/tags?post=393"}],"curies":[{"name":"wp","href":"https:\/\/api.w.org\/{rel}","templated":true}]}}