{"id":475,"date":"2025-08-06T14:59:58","date_gmt":"2025-08-06T12:59:58","guid":{"rendered":"https:\/\/www.sabinefriess.de\/wordpress\/?p=475"},"modified":"2026-02-06T17:41:26","modified_gmt":"2026-02-06T16:41:26","slug":"ausbildung-heilung-und-energiearbeit-i","status":"publish","type":"post","link":"https:\/\/www.sabinefriess.de\/wordpress\/2025\/08\/06\/ausbildung-heilung-und-energiearbeit-i\/","title":{"rendered":"Veranstaltungen"},"content":{"rendered":"\n\n\n<p class=\"has-text-align-center\">\ud83c\udf84\ud83c\udf84\ud83c\udf84<strong> Meditation zur Weihnachtszeit<\/strong> \ud83c\udf84\ud83c\udf84\ud83c\udf84<\/p>\n\n\n\n<p>F\u00fchle dich<strong> von Herzen eingeladen <\/strong>in der besinnlichen Weihnachtszeit zu dieser<strong> besonderen Meditation.<\/strong><\/p>\n\n\n\n<p>Eine liebevoll gef\u00fchrte Weihnachts-Meditation, die dir <strong>deine&nbsp;Auszeit <\/strong>schenkt, bei der du tief eintauchen und dich fallen lassen darfst, weg vom Weihnachtstrubel.<\/p>\n\n\n\n<p>Du wirst sanft in dein heiliges Inneres geleitet, um ganz bei dir anzukommen und Kontakt mit deinem <strong>inneren Kind<\/strong> zu finden.<\/p>\n\n\n\n<p><strong>G\u00f6nne dir<\/strong> diese ber\u00fchrende Erfahrung in der Vorweihnachtszeit.&nbsp;Beschenke jemanden, der dir am Herzen liegt mit dieser herrlichen ungest\u00f6rten Auszeit.<\/p>\n\n\n\n<p>\ud83c\udf1f Weihnachtsmeditation \ud83c\udf1f Sonntag, 14. Dezember 2025 \ud83c\udf1f 11 &#8211; 12:30 Uhr \ud83c\udf1f <\/p>\n\n\n\n<p>\ud83c\udf1f im Bewegungsraum \ud83c\udf1f Riedstra\u00dfe 2, 64295 Darmstadt \ud83c\udf1f &nbsp;&nbsp;&nbsp;&nbsp;&nbsp;&nbsp;&nbsp;&nbsp;&nbsp;&nbsp;&nbsp;&nbsp;&nbsp;&nbsp;&nbsp;&nbsp;&nbsp;&nbsp;&nbsp;&nbsp;&nbsp;&nbsp;&nbsp;&nbsp;\ud83c\udf1f Energieausgleich 18 \u20ac, bitte in bar \ud83c\udf1f&nbsp;&nbsp;&nbsp;&nbsp;&nbsp;&nbsp;&nbsp;&nbsp;&nbsp;&nbsp;&nbsp;&nbsp;&nbsp;&nbsp;&nbsp;&nbsp;&nbsp;&nbsp;&nbsp;&nbsp;&nbsp;&nbsp;&nbsp;&nbsp;&nbsp;&nbsp;&nbsp;&nbsp;&nbsp;&nbsp;&nbsp;&nbsp;&nbsp;&nbsp;&nbsp;&nbsp;&nbsp;&nbsp;&nbsp;&nbsp;&nbsp;&nbsp;&nbsp;&nbsp;&nbsp;&nbsp;&nbsp;&nbsp;&nbsp;&nbsp;&nbsp;&nbsp;&nbsp;&nbsp;&nbsp;&nbsp;&nbsp;&nbsp;&nbsp;&nbsp;&nbsp;&nbsp;&nbsp;&nbsp;&nbsp;&nbsp;&nbsp;&nbsp;&nbsp;&nbsp;&nbsp;&nbsp;&nbsp;&nbsp;&nbsp;&nbsp;&nbsp;&nbsp; \ud83c\udf1f Anmeldung <a href=\"mailto:sabine.kroll@email.de\">sabine.kroll@email.de<\/a>, Tel, sms, Signal: 0171 \u2013 875 62 95 \ud83c\udf1f<\/p>\n\n\n\n<p class=\"has-text-align-center\">Bringe dir bitte warme Socken mit, Yogamatten und Decken sind vorhanden.&nbsp;&nbsp;&nbsp;&nbsp;&nbsp;&nbsp;&nbsp;&nbsp;&nbsp;&nbsp;&nbsp;&nbsp;&nbsp;&nbsp;<\/p>\n\n\n\n<p class=\"has-text-align-center\">\ud83c\udf1f\ud83c\udf1f\ud83c\udf1f\ud83c\udf1f\ud83c\udf1f\ud83c\udf1f\ud83c\udf1f\ud83c\udf1f\ud83c\udf1f\ud83c\udf1f\ud83c\udf1f\ud83c\udf1f\ud83c\udf1f\ud83c\udf1f<\/p>\n\n\n\n<p class=\"has-text-align-center\"><strong>\ud83d\udcab &nbsp;Dein&nbsp; Visionboard f\u00fcr 2026&nbsp; \ud83d\udcab&nbsp;<\/strong><\/p>\n\n\n\n<ul class=\"wp-block-list\">\n<li>M\u00f6chtest du deinem wahren Selbst und deiner Bestimmung n\u00e4her kommen?<\/li>\n\n\n\n<li>Ist dir verloren gegangen, was du wirklich m\u00f6chtest im Leben?<\/li>\n\n\n\n<li>Suchst du bisher im Au\u00dfen, was du nur in deinem Inneren finden kannst?<\/li>\n\n\n\n<li>M\u00f6chtest du nach einer Krankheit eine Wende in deinem Leben einleiten?<\/li>\n\n\n\n<li>Fehlt dir etwas, das dein Herz zutiefst erfreut, das dir entspricht?<\/li>\n<\/ul>\n\n\n\n<p>Wir beginnen mit einer <strong>herzber\u00fchrenden<\/strong> <strong>gef\u00fchrten Meditation<\/strong> die dich in F\u00fchlung mit deiner Seele und deinem Herzen bringt. Du darfst deine in dir steckenden Potentiale und Gaben, deine Bestimmung und deine Wahrheit erkennen.<\/p>\n\n\n\n<p>Nun kreiere und manifestiere deine Wahrnehmungen auf deinem<strong> Visionboard<\/strong>. Du darfst <strong>deinem Herzen folgen<\/strong> und gespannt sein, was das Jahr 2026 f\u00fcr dich bringen mag. Du kannst beginnen deine Seelenvision ins Leben zu bringen.<\/p>\n\n\n\n<p>F\u00fchlst du dich angesprochen, bewegt dies etwas in dir, dann <a><u>melde dich an bis zum 20. Januar 2026<\/u><\/a>, die Teilnehmerzahl ist begrenzt.<\/p>\n\n\n\n<p><a>\ud83d\udcab <\/a>Termin\ud83d\udcab Samstag, 31. Januar 2026 \ud83d\udcab14:30 &#8211; 18:30 Uhr\ud83d\udcab <\/p>\n\n\n\n<p>\ud83d\udcab im Bewegungsraum, Riedstra\u00dfe 2, 64295 Darmstadt\ud83d\udcab Kosten 80 \u20ac zzgl. Material 7 \u20ac &nbsp;&nbsp;&nbsp;&nbsp;&nbsp;&nbsp;&nbsp;&nbsp;&nbsp;&nbsp;&nbsp;  \ud83d\udcabAnmeldung an <a href=\"mailto:sabine.kroll@email.de\">sabine.kroll@email.de<\/a>, Tel, sms, Signal: 0171 \u2013 875 62 95 \ud83d\udcab Ich freue mich sehr auf diese Reise mit dir! \ud83c\udf1f Herzlichst Sabine Lilith \ud83c\udf1f<\/p>\n\n\n\n<p class=\"has-text-align-center\">\ud83c\udf1f\ud83c\udf1f\ud83c\udf1f\ud83c\udf1f\ud83c\udf1f\ud83c\udf1f\ud83c\udf1f\ud83c\udf1f\ud83c\udf1f\ud83c\udf1f\ud83c\udf1f\ud83c\udf1f\ud83c\udf1f\ud83c\udf1f<\/p>\n\n\n\n<p class=\"has-text-align-center\">\ud83c\udf3a <strong>Basische Fr\u00fchlings-Kur 2026<\/strong> \ud83c\udf3a<\/p>\n\n\n\n<p><strong>Loslassen&nbsp;&nbsp; &#8211;&nbsp; Ballast abwerfen&nbsp; &#8211;&nbsp; sich befreien&nbsp; &#8211;&nbsp; erneuern&nbsp;<\/strong>&#8211; <strong>sich etwas Gutes tun&nbsp; &#8211;&nbsp; K\u00f6rper, Seele und Geist kl\u00e4re<\/strong>n<\/p>\n\n\n\n<p>F\u00fchlst du dich auch <strong>unausgeglichen, antriebslos<\/strong> und <strong>unmotiviert<\/strong>?Kneift dein Hosenbund, zwacken deine Gelenke, zeigt dir die Waage ein <strong>\u00dcbergewicht<\/strong> an und du <strong>f\u00fchlst dich einfach nicht wohl <\/strong>?<\/p>\n\n\n\n<p>Schaffst du es nicht, <strong>nach der Geburt deines Kindes<\/strong>, wieder dein <strong>Wohlf\u00fchlgewicht<\/strong> zu erreichen? <\/p>\n\n\n\n<p>Oder plagen dich dein tr\u00e4ge gewordener Stoffwechsel, deine Stimmungsn\u00f6te in den <strong>Wechseljahren<\/strong>?<\/p>\n\n\n\n<p>Wie w\u00e4re es, wenn du <strong>ausgeglichen<\/strong> und <strong>voller Elan<\/strong>, mit <strong>einigen Pfunden weniger<\/strong> und von innen heraus <strong>gereinigt und \u201eerneuert<\/strong>\u201c nach der Basenfasten-Kur durchstarten k\u00f6nntest?<\/p>\n\n\n\n<p>Mit meiner bew\u00e4hrten Basenfasten-Kur, mit <strong>Entgiftungsmassage und \u00dcbungen<\/strong>, kannst du dich effektiv und nachhaltig von \u00fcberfl\u00fcssigen Schlacken, S\u00e4uren und Schadstoffen (z.B. nach Impfungen, Medikamenteneinnahme, Chemotherapie\u2026) befreien. Du unterst\u00fctzt damit deine k\u00f6rperliche und mentale Gesundheit auf allen Ebenen, kannst Erkrankungen vorbeugen, Beschwerden reduzieren. Dein <strong>K\u00f6rper und Geist werden&nbsp;leichter<\/strong>, neue <strong>Energie<\/strong> und <strong>Vitalit\u00e4t<\/strong> ziehen ein..<\/p>\n\n\n\n<p class=\"has-text-align-center\"><strong>Und das ganz OHNE Di\u00e4t und hungern <\/strong><strong>\u263a<\/strong><strong>!<\/strong><\/p>\n\n\n\n<p>Erfahre wie du im K\u00f6rper abgelagerte Schadstoffe, Medikamente, \u00fcberfl\u00fcssige Schlacken l\u00f6sen und ausleiten, Vitamin- und Mineralstoffdepots gezielt auff\u00fcllen kannst. Ich biete dir au\u00dferdem Tipps f\u00fcr die Zeit <strong>nach<\/strong> der Basenfasten-Kur.<\/p>\n\n\n\n<div class=\"wp-block-group\"><div class=\"wp-block-group__inner-container is-layout-constrained wp-block-group-is-layout-constrained\">\n<p><a>\ud83d\udcab<\/a> Termine\ud83d\udcab Samstag, 28. Februar 2026 &#8211; 14:00 \u2013 16:00 Uhr &#8211; Teil 1*&nbsp;&nbsp;&nbsp;&nbsp;<\/p>\n\n\n\n<p>\ud83d\udcab Samstag, 21. M\u00e4rz 2026 &#8211; 14:00 \u2013 15:00 Uhr &#8211; Teil 2&nbsp;\u2013 online&nbsp;&nbsp;&nbsp;&nbsp;&nbsp;&nbsp;&nbsp;&nbsp;&nbsp;&nbsp;&nbsp;&nbsp;&nbsp;&nbsp;&nbsp;&nbsp;&nbsp;&nbsp;&nbsp;&nbsp;&nbsp;&nbsp;&nbsp;&nbsp;&nbsp;&nbsp;&nbsp;&nbsp;&nbsp;&nbsp;&nbsp;&nbsp;&nbsp;&nbsp;&nbsp;&nbsp;&nbsp;&nbsp;&nbsp;&nbsp;&nbsp;&nbsp;&nbsp;&nbsp;&nbsp;&nbsp;&nbsp;&nbsp;&nbsp;&nbsp;&nbsp;&nbsp;&nbsp; &nbsp;&nbsp;<\/p>\n\n\n\n<p>\ud83d\udcab Samstag, 28. M\u00e4rz 2026 &#8211; 14:00 \u2013 16:00 Uhr &#8211; Teil 3*&nbsp;&nbsp;&nbsp;&nbsp;&nbsp;&nbsp;&nbsp;&nbsp;&nbsp;&nbsp;&nbsp;&nbsp;&nbsp;&nbsp;&nbsp;&nbsp;&nbsp;&nbsp;&nbsp;&nbsp;&nbsp;&nbsp;&nbsp;&nbsp;&nbsp;&nbsp;&nbsp;&nbsp;&nbsp;&nbsp;&nbsp;&nbsp;&nbsp;&nbsp;&nbsp;&nbsp;&nbsp;&nbsp;&nbsp;&nbsp;&nbsp;&nbsp;&nbsp;&nbsp;&nbsp;&nbsp;&nbsp;&nbsp;&nbsp;&nbsp;&nbsp;&nbsp;&nbsp; &nbsp;&nbsp;&nbsp;&nbsp;&nbsp;&nbsp;&nbsp;&nbsp;&nbsp;<\/p>\n\n\n\n<p>\ud83d\udcab * im Bewegungsraum, Riedstra\u00dfe 2, 64295 Darmstadt \ud83d\udcab&nbsp;&nbsp;&nbsp;&nbsp;&nbsp;&nbsp;&nbsp;&nbsp;&nbsp;&nbsp;&nbsp;&nbsp;&nbsp;&nbsp;&nbsp;&nbsp;&nbsp;&nbsp;&nbsp;&nbsp;&nbsp;&nbsp;&nbsp;&nbsp;&nbsp;&nbsp;&nbsp;&nbsp;&nbsp;&nbsp;&nbsp;&nbsp; <\/p>\n\n\n\n<p>\ud83d\udcab Kosten 95 \u20ac zzgl. ausf\u00fchrlichem Skript 7 \u20ac&nbsp;&nbsp;&nbsp;&nbsp;&nbsp;&nbsp;&nbsp;&nbsp;&nbsp;&nbsp;&nbsp;&nbsp;&nbsp;&nbsp;&nbsp;&nbsp;&nbsp;&nbsp;&nbsp;&nbsp;&nbsp;&nbsp;&nbsp;&nbsp;&nbsp;&nbsp;&nbsp;&nbsp;&nbsp;&nbsp;&nbsp;&nbsp;&nbsp;&nbsp;&nbsp;&nbsp;&nbsp;&nbsp;&nbsp;&nbsp;&nbsp;&nbsp;&nbsp;&nbsp;&nbsp;&nbsp;&nbsp;&nbsp;&nbsp;&nbsp;&nbsp;&nbsp;&nbsp;&nbsp;&nbsp;&nbsp;&nbsp;&nbsp;&nbsp;&nbsp;&nbsp;&nbsp;&nbsp;&nbsp;&nbsp;&nbsp;&nbsp;&nbsp;&nbsp;&nbsp;&nbsp;&nbsp;&nbsp;&nbsp;&nbsp;&nbsp;<\/p>\n\n\n\n<p>\ud83d\udcab Anmeldung bis zum 18.02.2026 an <a href=\"mailto:sabine.kroll@email.de\">sabine.kroll@email.de<\/a>, Tel, sms, Signal: 0171 \u2013 875 62 95 \ud83d\udcab<\/p>\n<\/div><\/div>\n\n\n\n<p>Ich freue mich sehr auf diese Zeit mit dir! \ud83d\udcab Herzlichst Sabine Lilith \ud83d\udcab<\/p>\n\n\n\n<p class=\"has-text-align-center\">\ud83c\udf3a\ud83c\udf3a\ud83c\udf3a\ud83c\udf3a\ud83c\udf3a\ud83c\udf3a\ud83c\udf3a\ud83c\udf3a\ud83c\udf3a\ud83c\udf3a\ud83c\udf3a\ud83c\udf3a\ud83c\udf3a\ud83c\udf3a<\/p>\n\n\n\n<p class=\"has-text-align-center\">\ud83d\udcab <strong>Vers\u00f6hne dich mit deinen Ahnen &#8211; finde Frieden in deinem Herzen<\/strong> \ud83d\udcab<\/p>\n\n\n\n<p><strong>3-teiliges Seminar am 28. Februar, 28. M\u00e4rz und 19. April 2026 in Darmstadt<\/strong><\/p>\n\n\n\n<p>Unverarbeitete Themen k\u00f6nnen \u00fcber Generationen hinweg wirken \u2013 oft unbewusst, aber sp\u00fcrbar im eigenen Leben. In diesem Seminar hast du die M\u00f6glichkeit, dich in einem gesch\u00fctzten Rahmen mit deiner Herkunft auseinanderzusetzen, Altes bewusst loszulassen und mehr innere Klarheit und Kraft zu gewinnen.<\/p>\n\n\n\n<p class=\"has-black-color has-text-color has-link-color wp-elements-b8dce093595196bed30eca8f1b6d2214\">Es gibt Momente im Leben, in denen wir sp\u00fcren:<br><strong>Jetzt ist Zeit f\u00fcr mich.<\/strong><br>Zeit, Altes loszulassen.<br>Zeit, Klarheit zu finden.<br>Zeit, dem Herzen wieder zu folgen.<\/p>\n\n\n\n<p>Wenn wir unsere Herkunft liebevoll betrachten, kann sich unser Blick ver\u00e4ndern und ein neues Gef\u00fchl von Frieden entstehen. Dieses Seminar l\u00e4dt dich ein, alte Verstrickungen zu erkennen und dich neu mit deinen Wurzeln zu verbinden \u2013 auf eine Weise, die dich st\u00e4rkt und n\u00e4hrt.<\/p>\n\n\n\n<p>F\u00fchlst du dich angesprochen und bewegt dies etwas in dir, dann freue ich mich auf dich!<\/p>\n\n\n\n<p><strong>Termine<\/strong>: Samstag, 28. Februar 2026, Samstag, 28. M\u00e4rz, Sonntag, 19. April &#8211; jeweils 17:00\u201320:30 Uhr<br><strong>Ort<\/strong>: Bewegungsraum, Riedstra\u00dfe 2, 64295 Darmstadt<br><strong>Kosten<\/strong>: je Modul 80,00 \u20ac<br><strong>Anmeldung<\/strong>: sabine.kroll@email.de oder Tel: 0171 875 62 95 \u2013 bitte bis 10 Tage vorher anmelden.<\/p>\n\n\n\n<p>Ich freue mich, wenn ich dich auf dieser Reise ein St\u00fcck begleiten darf.<\/p>\n\n\n\n<p>Von Herzen<br><strong>Sabine Lilith<\/strong><\/p>\n\n\n\n<p class=\"has-text-align-center\">\ud83d\udcab\ud83d\udcab\ud83d\udcab\ud83d\udcab\ud83d\udcab\ud83d\udcab\ud83d\udcab\ud83d\udcab\ud83d\udcab<\/p>\n\n\n\n<p class=\"has-text-align-center\">\ud83d\udcab <strong>Ausbildung in 8 Tagesmodulen in Darmstadt &#8211; Start am 19. Oktober 2025<\/strong> \ud83d\udcab<\/p>\n\n\n\n<p>Manchmal sp\u00fcren wir: Da ist mehr.<\/p>\n\n\n\n<p>Ein feineres Wahrnehmen, ein inneres Wissen, das sich nicht immer in Worte fassen l\u00e4sst. Vielleicht kennst du diesen Impuls \u2013 und suchst nach einem Weg, ihn zu verstehen, zu vertiefen und praktisch in dein Leben zu integrieren.<\/p>\n\n\n\n<p>In dieser Ausbildung geht es um achtsames Wahrnehmen, energetische Prozesse, innere Klarheit und intuitive Verbindung. Du brauchst keine Vorkenntnisse \u2013 nur Offenheit und Freude an energetischen Prozessen und am pers\u00f6nlichen Wachstum.<\/p>\n\n\n\n<p>Wir arbeiten mit energetischen Methoden, Intuition, innerer Pr\u00e4senz und Erdung \u2013 ganz praktisch, erfahrbar und achtsam.<\/p>\n\n\n\n<p>In acht eint\u00e4gigen Modulen lernst du:<\/p>\n\n\n\n<ul class=\"wp-block-list\">\n<li>Energien wahrzunehmen und zu lenken<\/li>\n\n\n\n<li>Methoden zur Selbstanwendung und zur unterst\u00fctzenden Begleitung<\/li>\n\n\n\n<li>mit Aura und Chakren zu arbeiten<\/li>\n\n\n\n<li>mit feinstofflichen Impulsen in Kontakt zu kommen<\/li>\n\n\n\n<li>deine Intuition zu st\u00e4rken<\/li>\n\n\n\n<li>dich energetisch zu reinigen, zu sch\u00fctzen &amp; auszurichten<\/li>\n<\/ul>\n\n\n\n<p><strong>Die Ausbildung findet in einem gesch\u00fctzten und wertsch\u00e4tzenden Rahmen statt &#8211;<\/strong> <strong>ein Raum, in dem du in deinem eigenen Tempo lernen, wachsen und dich entfalten darfst.<\/strong><br><br>Wenn du dir mehr Verbindung zu dir selbst, neue Perspektiven und ein tieferes Verst\u00e4ndnis f\u00fcr energetische und ganzheitliche Zusammenh\u00e4nge w\u00fcnschst, kann diese Ausbildung ein bereichernder Weg f\u00fcr deine pers\u00f6nliche Entwicklung sein.<br><\/p>\n\n\n\n<p><strong>Termine<\/strong>: jeweils 10 &#8211; 17 \/ 18 Uhr: Start ist am 19. Oktober 2025 &#8211; Ende ist am 5. September 2026<\/p>\n\n\n\n<p><strong>Ort<\/strong>: Bewegungsraum, Riedstra\u00dfe 2, 64295 Darmstadt<\/p>\n\n\n\n<p><strong>Kosten:<\/strong> 160\u202f\u20ac pro Modul \/ Fr\u00fchbucher-Paketpreis: 1.155\u202f\u20ac (zahlbar bis 19.09.2025). <strong>Zertifikat inklusive<\/strong>. Wiederholer zahlen den halben Preis.&nbsp;&nbsp;&nbsp;&nbsp;&nbsp;&nbsp;&nbsp;&nbsp;&nbsp;&nbsp;&nbsp;&nbsp;&nbsp;&nbsp;&nbsp;&nbsp;&nbsp;&nbsp;&nbsp;&nbsp;&nbsp;&nbsp;&nbsp;&nbsp;&nbsp;&nbsp;&nbsp;&nbsp;&nbsp;&nbsp;&nbsp;&nbsp;&nbsp;&nbsp;&nbsp;&nbsp;&nbsp;&nbsp;&nbsp;&nbsp;&nbsp;&nbsp;&nbsp;&nbsp;&nbsp;&nbsp;&nbsp;&nbsp;&nbsp;&nbsp;&nbsp;&nbsp;&nbsp;&nbsp;&nbsp;&nbsp;&nbsp;&nbsp;&nbsp;&nbsp;&nbsp;&nbsp;&nbsp;&nbsp;&nbsp;&nbsp;&nbsp;&nbsp;&nbsp;&nbsp;&nbsp;&nbsp;&nbsp;&nbsp;&nbsp;&nbsp;&nbsp;&nbsp;&nbsp;&nbsp;&nbsp;&nbsp;&nbsp;&nbsp;&nbsp;&nbsp;&nbsp;&nbsp;&nbsp;&nbsp;&nbsp;&nbsp;&nbsp;&nbsp;&nbsp;&nbsp;<\/p>\n\n\n\n<p><strong>Modul 1 ist offen zum Schnuppern.<\/strong><br>Du entscheidest danach, ob du weitergehen m\u00f6chtest.<\/p>\n\n\n\n<p><strong>&nbsp;&nbsp;&nbsp;&nbsp;&nbsp;&nbsp;&nbsp;&nbsp;&nbsp;&nbsp;&nbsp;&nbsp;&nbsp;&nbsp;&nbsp;&nbsp;&nbsp;&nbsp;&nbsp;&nbsp;&nbsp;&nbsp;&nbsp;&nbsp;&nbsp;&nbsp;&nbsp;&nbsp;&nbsp;&nbsp;&nbsp;&nbsp;&nbsp;&nbsp;&nbsp;&nbsp;&nbsp;&nbsp;&nbsp;&nbsp;&nbsp;&nbsp;&nbsp;&nbsp;&nbsp;&nbsp; <\/strong><strong>*******<\/strong>*************************<\/p>\n\n\n\n<p><strong>Anmeldung<\/strong> und <strong>Infos<\/strong>: sabine.kroll@email.de oder Tel: 0171 &#8211; 875 62 95 &#8211; bitte melde dich bis zwei Wochen vor Ausbildungsbeginn an.<\/p>\n\n\n\n<p><strong>&#8222;Je mehr Du bei Dir selbst ankommst, umso leichter wird alles um Dich herum&#8220;<\/strong><\/p>\n\n\n\n<p>Ich freue mich, dich auf deinem Weg zu begleiten.<\/p>\n\n\n\n<p>Von Herzen,<br><strong>Sabine Lilith<\/strong> <strong>Kroll<\/strong><\/p>\n\n\n\n<p class=\"has-small-font-size\">Hinweis: Diese Ausbildung ersetzt keine therapeutische oder medizinische Ma\u00dfnahme.<\/p>\n","protected":false},"excerpt":{"rendered":"<p>\ud83c\udf84\ud83c\udf84\ud83c\udf84 Meditation zur Weihnachtszeit \ud83c\udf84\ud83c\udf84\ud83c\udf84 F\u00fchle dich von Herzen eingeladen in der besinnlichen Weihnachtszeit zu dieser besonderen Meditation. Eine liebevoll gef\u00fchrte Weihnachts-Meditation, die dir deine&nbsp;Auszeit schenkt, bei der du tief eintauchen und dich fallen lassen darfst, weg vom Weihnachtstrubel. Du wirst sanft in dein heiliges Inneres geleitet, um ganz bei dir anzukommen und Kontakt mit [&hellip;]<\/p>\n","protected":false},"author":1,"featured_media":0,"comment_status":"open","ping_status":"open","sticky":false,"template":"","format":"standard","meta":{"slim_seo":{"description":"Die zertifizierte Ausbildung ist f\u00fcr Dich geeignet, wenn Du Dich f\u00fcr energetische Heilung, f\u00fcr pers\u00f6nliches Wachstum, Bewusstseinsentwicklung, Aura, Chakren, Seelenarbeit, Ahnenheilung, f\u00fcr Energiearbeit interessierst. Du kannst das Erlernte f\u00fcr Dich selbst und f\u00fcr andere leicht anwenden - Du ben\u00f6tigst keine Vorkenntnisse. Werde Autor\/in und Regisseur\/in vom \"Buch Deines Lebens\". Entwickle Deine Pers\u00f6nlichkeit weiter. St\u00e4rke Deinen Mut und Dein Vertrauen f\u00fcr Deine Entfaltung. Erforsche auf einer spannenden Reise zu Dir selbst, Deine in Dir wohnenden Talente und Potentiale. Komme in Deine Kraft und entdecke Deine Liebe zu Dir. Lerne in dieser Ausbildung Deine Wahrnehmung und Intuition zu st\u00e4rken und ihnen zu vertrauen. Werde authentisch; werde der Mensch, der Du sein m\u00f6chtest. Lasse Dich unterst\u00fctzen Dein Herz zu \u00f6ffnen - statt Deinen Kopf zu zerbrechen. Du kannst k\u00f6rperliche und emotionale Blockaden l\u00f6sen - Deinen K\u00f6rper, Geist und Deine Seele in Einklang bringen. Start dieser Ausbildung in 6 Tages-Modulen ist am 1. Dezember 2024 in Darmstadt. Modul 1: Sonntag, 1. Dezember 2024 Modul 2: Samstag, 25. Januar 2025 Modul 3: Samstag, 1. M\u00e4rz 2025 Modul 4: Samstag, 29. M\u00e4rz 2025 Modul 5: Samstag, 17. Mai 2025 Modul 6: Samstag, 28. Juni 2025 Die Module finden jeweils von 10 - 18 Uhr im wundersch\u00f6nen und gut gesch\u00fctzten \"Bewegungsraum\" in 64295 Darmstadt, Riedstra\u00dfe 2, statt. Preis pro Modul 160 \u20ac, Fr\u00fchbucher-Rabatt bis 4 Wochen vorher gesamt 870 \u20ac. Im Anschluss an die zertifizierte Ausbildung erh\u00e4ltst Du als Bonus einen Einzeltermin - auch online m\u00f6glich. Weitere Informationen zu den Modul-Inhalten erh\u00e4ltst Du hier in K\u00fcrze. Lerne Methoden, die Du f\u00fcr Dich und andere anwenden kannst. Erfahre eine tiefe innere Ruhe und Ausgeglichenheit und Vertrauen in das Leben. Denn: \"Je mehr Du bei Dir selbst ankommst, umso leichter wird alles um Dich herum\"","title":"Veranstaltungen - Soul2Harmony"},"footnotes":""},"categories":[1,8],"tags":[14,19,15,11,10,12,20,22,16,13,21],"class_list":["post-475","post","type-post","status-publish","format-standard","hentry","category-allgemein","category-veranstaltungen","tag-aura","tag-ausbildung-mit-zertifikat","tag-chakren","tag-energiearbeit","tag-heilung","tag-herz-oeffnen","tag-meditation","tag-persoenlichkeit","tag-seelenarbeit","tag-talente-und-potentiale","tag-wachstum"],"_links":{"self":[{"href":"https:\/\/www.sabinefriess.de\/wordpress\/wp-json\/wp\/v2\/posts\/475","targetHints":{"allow":["GET"]}}],"collection":[{"href":"https:\/\/www.sabinefriess.de\/wordpress\/wp-json\/wp\/v2\/posts"}],"about":[{"href":"https:\/\/www.sabinefriess.de\/wordpress\/wp-json\/wp\/v2\/types\/post"}],"author":[{"embeddable":true,"href":"https:\/\/www.sabinefriess.de\/wordpress\/wp-json\/wp\/v2\/users\/1"}],"replies":[{"embeddable":true,"href":"https:\/\/www.sabinefriess.de\/wordpress\/wp-json\/wp\/v2\/comments?post=475"}],"version-history":[{"count":54,"href":"https:\/\/www.sabinefriess.de\/wordpress\/wp-json\/wp\/v2\/posts\/475\/revisions"}],"predecessor-version":[{"id":885,"href":"https:\/\/www.sabinefriess.de\/wordpress\/wp-json\/wp\/v2\/posts\/475\/revisions\/885"}],"wp:attachment":[{"href":"https:\/\/www.sabinefriess.de\/wordpress\/wp-json\/wp\/v2\/media?parent=475"}],"wp:term":[{"taxonomy":"category","embeddable":true,"href":"https:\/\/www.sabinefriess.de\/wordpress\/wp-json\/wp\/v2\/categories?post=475"},{"taxonomy":"post_tag","embeddable":true,"href":"https:\/\/www.sabinefriess.de\/wordpress\/wp-json\/wp\/v2\/tags?post=475"}],"curies":[{"name":"wp","href":"https:\/\/api.w.org\/{rel}","templated":true}]}}