{"id":611,"date":"2025-08-06T15:01:34","date_gmt":"2025-08-06T13:01:34","guid":{"rendered":"https:\/\/www.sabinefriess.de\/wordpress\/?p=611"},"modified":"2026-02-06T17:43:56","modified_gmt":"2026-02-06T16:43:56","slug":"workshop-versoehne-dich-mit-deinen-ahnen-heile-dein-herz","status":"publish","type":"post","link":"https:\/\/www.sabinefriess.de\/wordpress\/2025\/08\/06\/workshop-versoehne-dich-mit-deinen-ahnen-heile-dein-herz\/","title":{"rendered":"Vers\u00f6hne dich mit deinen Ahnen &#8211; finde Frieden in deinem Herzen"},"content":{"rendered":"\n<p><strong>3-teiliges Seminar am 28. Februar, 28. M\u00e4rz und 19. April 2026 in Darmstadt<\/strong><\/p>\n\n\n\n<p>Unverarbeitete Themen k\u00f6nnen \u00fcber Generationen hinweg wirken \u2013 oft unbewusst, aber sp\u00fcrbar im eigenen Leben. In diesem Seminar hast du die M\u00f6glichkeit, dich in einem gesch\u00fctzten Rahmen mit deiner Herkunft auseinanderzusetzen, Altes bewusst loszulassen und mehr innere Klarheit und Kraft zu gewinnen.<\/p>\n\n\n\n<p class=\"has-black-color has-text-color has-link-color wp-elements-b8dce093595196bed30eca8f1b6d2214\">Es gibt Momente im Leben, in denen wir sp\u00fcren:<br><strong>Jetzt ist Zeit f\u00fcr mich.<\/strong><br>Zeit, Altes loszulassen.<br>Zeit, Klarheit zu finden.<br>Zeit, dem Herzen wieder zu folgen.<\/p>\n\n\n\n<p>Wenn wir unsere Herkunft liebevoll betrachten, kann sich unser Blick ver\u00e4ndern und ein neues Gef\u00fchl von Frieden entstehen. Dieses Seminar l\u00e4dt dich ein, alte Verstrickungen zu erkennen und dich neu mit deinen Wurzeln zu verbinden \u2013 auf eine Weise, die dich st\u00e4rkt und n\u00e4hrt.<\/p>\n\n\n\n<p>F\u00fchlst du dich angesprochen und bewegt dies etwas in dir, dann freue ich mich auf dich!<\/p>\n\n\n\n<p><strong>Termine<\/strong>: Samstag, 28. Februar 2026, Samstag, 28. M\u00e4rz, Sonntag, 19. April &#8211; jeweils 17:00\u201320:30 Uhr<br><strong>Ort<\/strong>: Bewegungsraum, Riedstra\u00dfe 2, 64295 Darmstadt<br><strong>Kosten<\/strong>: je Modul 80,00 \u20ac<br><strong>Anmeldung<\/strong>: sabine.kroll@email.de oder Tel: 0171 875 62 95 \u2013 bitte bis 10 Tage vorher anmelden.<\/p>\n\n\n\n<p><\/p>\n\n\n\n<p>Ich freue mich, wenn ich dich auf dieser Reise ein St\u00fcck begleiten darf.<\/p>\n\n\n\n<p>Von Herzen<br><strong>Sabine Lilith<\/strong><\/p>\n\n\n\n<p><\/p>\n","protected":false},"excerpt":{"rendered":"<p>3-teiliges Seminar am 28. Februar, 28. M\u00e4rz und 19. April 2026 in Darmstadt Unverarbeitete Themen k\u00f6nnen \u00fcber Generationen hinweg wirken \u2013 oft unbewusst, aber sp\u00fcrbar im eigenen Leben. In diesem Seminar hast du die M\u00f6glichkeit, dich in einem gesch\u00fctzten Rahmen mit deiner Herkunft auseinanderzusetzen, Altes bewusst loszulassen und mehr innere Klarheit und Kraft zu gewinnen. [&hellip;]<\/p>\n","protected":false},"author":1,"featured_media":0,"comment_status":"open","ping_status":"open","sticky":false,"template":"","format":"standard","meta":{"slim_seo":{"title":"Vers\u00f6hne dich mit deinen Ahnen - finde Frieden in deinem Herzen - Soul2Harmony","description":"3-teiliges Seminar am 28. Februar, 28. M\u00e4rz und 19. April 2026 in Darmstadt Unverarbeitete Themen k\u00f6nnen \u00fcber Generationen hinweg wirken \u2013 oft unbewusst, aber s"},"footnotes":""},"categories":[1,46,8],"tags":[17,34,36,35,33],"class_list":["post-611","post","type-post","status-publish","format-standard","hentry","category-allgemein","category-seminare","category-veranstaltungen","tag-ahnenheilung","tag-alte-muster","tag-generationen","tag-glaubenssaetze","tag-versoehnung-ahnen"],"_links":{"self":[{"href":"https:\/\/www.sabinefriess.de\/wordpress\/wp-json\/wp\/v2\/posts\/611","targetHints":{"allow":["GET"]}}],"collection":[{"href":"https:\/\/www.sabinefriess.de\/wordpress\/wp-json\/wp\/v2\/posts"}],"about":[{"href":"https:\/\/www.sabinefriess.de\/wordpress\/wp-json\/wp\/v2\/types\/post"}],"author":[{"embeddable":true,"href":"https:\/\/www.sabinefriess.de\/wordpress\/wp-json\/wp\/v2\/users\/1"}],"replies":[{"embeddable":true,"href":"https:\/\/www.sabinefriess.de\/wordpress\/wp-json\/wp\/v2\/comments?post=611"}],"version-history":[{"count":13,"href":"https:\/\/www.sabinefriess.de\/wordpress\/wp-json\/wp\/v2\/posts\/611\/revisions"}],"predecessor-version":[{"id":881,"href":"https:\/\/www.sabinefriess.de\/wordpress\/wp-json\/wp\/v2\/posts\/611\/revisions\/881"}],"wp:attachment":[{"href":"https:\/\/www.sabinefriess.de\/wordpress\/wp-json\/wp\/v2\/media?parent=611"}],"wp:term":[{"taxonomy":"category","embeddable":true,"href":"https:\/\/www.sabinefriess.de\/wordpress\/wp-json\/wp\/v2\/categories?post=611"},{"taxonomy":"post_tag","embeddable":true,"href":"https:\/\/www.sabinefriess.de\/wordpress\/wp-json\/wp\/v2\/tags?post=611"}],"curies":[{"name":"wp","href":"https:\/\/api.w.org\/{rel}","templated":true}]}}