{"id":818,"date":"2025-11-10T15:22:14","date_gmt":"2025-11-10T14:22:14","guid":{"rendered":"https:\/\/www.sabinefriess.de\/wordpress\/?p=818"},"modified":"2025-12-05T15:20:45","modified_gmt":"2025-12-05T14:20:45","slug":"%f0%9f%92%ab-dein-visionboard-fuer-2026-%f0%9f%92%ab","status":"publish","type":"post","link":"https:\/\/www.sabinefriess.de\/wordpress\/2025\/11\/10\/%f0%9f%92%ab-dein-visionboard-fuer-2026-%f0%9f%92%ab\/","title":{"rendered":"\ud83d\udcab \u00a0Dein\u00a0 Visionboard f\u00fcr 2026\u00a0 \ud83d\udcab\u00a0"},"content":{"rendered":"\n<ul class=\"wp-block-list\">\n<li>M\u00f6chtest du deinem wahren Selbst und deiner Bestimmung n\u00e4her kommen?<\/li>\n\n\n\n<li>Ist dir verloren gegangen, was du wirklich m\u00f6chtest im Leben?<\/li>\n\n\n\n<li>Suchst du bisher im Au\u00dfen, was du nur in deinem Inneren finden kannst?<\/li>\n\n\n\n<li>M\u00f6chtest du nach einer Krankheit eine Wende in deinem Leben einleiten?<\/li>\n\n\n\n<li>Fehlt dir etwas, das dein Herz zutiefst erfreut, das dir entspricht?<\/li>\n<\/ul>\n\n\n\n<p>Wir beginnen mit einer <strong>herzber\u00fchrenden<\/strong> <strong>gef\u00fchrten Meditation<\/strong> die dich in F\u00fchlung mit deiner Seele und deinem Herzen bringt. Du darfst deine in dir steckenden Potentiale und Gaben, deine Bestimmung und deine Wahrheit erkennen.<\/p>\n\n\n\n<p>Nun kreiere und manifestiere deine Wahrnehmungen auf deinem<strong> Visionboard<\/strong>. Du darfst <strong>deinem Herzen folgen<\/strong> und gespannt sein, was das Jahr 2026 f\u00fcr dich bringen mag. Du kannst beginnen deine Seelenvision ins Leben zu bringen.<\/p>\n\n\n\n<p>F\u00fchlst du dich angesprochen, bewegt dies etwas in dir, dann <a><u>melde dich an bis zum 20. Januar 2026<\/u><\/a>, die Teilnehmerzahl ist begrenzt.<\/p>\n\n\n\n<p><a>\ud83d\udcab Dein Visionboard 2026 <\/a>\ud83d\udcab Samstag, 31. Januar 2026 \ud83d\udcab14:30 &#8211; 18:30 Uhr\ud83d\udcab <\/p>\n\n\n\n<p>\ud83d\udcab im Bewegungsraum, Riedstra\u00dfe 2, 64295 Darmstadt \ud83d\udcab&nbsp;&nbsp;&nbsp;&nbsp;&nbsp;&nbsp;&nbsp;&nbsp;&nbsp;&nbsp;&nbsp;&nbsp;&nbsp;&nbsp;&nbsp;&nbsp;&nbsp;&nbsp;&nbsp;&nbsp;&nbsp;&nbsp;&nbsp;&nbsp;&nbsp;&nbsp;&nbsp;&nbsp;&nbsp;&nbsp;&nbsp;&nbsp; <\/p>\n\n\n\n<p>\ud83d\udcab Kosten 80 \u20ac zzgl. Material 7 \u20ac \ud83d\udcab&nbsp;&nbsp;&nbsp;&nbsp;&nbsp;&nbsp;&nbsp;&nbsp;&nbsp;&nbsp;&nbsp;&nbsp;&nbsp;&nbsp;&nbsp;&nbsp;&nbsp;&nbsp;&nbsp;&nbsp;&nbsp;&nbsp;&nbsp;&nbsp;&nbsp;&nbsp;&nbsp;&nbsp;&nbsp;&nbsp;&nbsp;&nbsp;&nbsp;&nbsp;&nbsp;&nbsp;&nbsp;&nbsp;&nbsp;&nbsp;&nbsp;&nbsp;&nbsp;&nbsp;&nbsp;&nbsp;&nbsp;&nbsp;&nbsp;&nbsp;&nbsp;&nbsp;&nbsp;&nbsp;&nbsp;&nbsp;&nbsp;&nbsp;&nbsp;&nbsp;&nbsp;&nbsp;&nbsp;&nbsp;&nbsp;&nbsp;&nbsp;&nbsp;&nbsp;&nbsp;&nbsp;&nbsp;&nbsp;&nbsp;&nbsp;&nbsp; <\/p>\n\n\n\n<p>\ud83d\udcab Anmeldung an <a href=\"mailto:sabine.kroll@email.de\">sabine.kroll@email.de<\/a>, Tel, sms, Signal: 0171 \u2013 875 62 95 \ud83d\udcab<\/p>\n\n\n\n<p>Ich freue mich sehr auf diese Reise mit dir! \ud83c\udf1f Herzlichst Sabine Lilith \ud83c\udf1f<\/p>\n\n\n\n<figure class=\"wp-block-image size-large is-resized\"><img loading=\"lazy\" decoding=\"async\" width=\"1024\" height=\"834\" src=\"https:\/\/www.sabinefriess.de\/wordpress\/wp-content\/uploads\/2025\/11\/20250219_103147-1024x834.jpg\" alt=\"20250219\" class=\"wp-image-819\" style=\"aspect-ratio:1.2278307810771871;width:281px;height:auto\" srcset=\"https:\/\/www.sabinefriess.de\/wordpress\/wp-content\/uploads\/2025\/11\/20250219_103147-1024x834.jpg 1024w, https:\/\/www.sabinefriess.de\/wordpress\/wp-content\/uploads\/2025\/11\/20250219_103147-300x244.jpg 300w, https:\/\/www.sabinefriess.de\/wordpress\/wp-content\/uploads\/2025\/11\/20250219_103147-768x625.jpg 768w, https:\/\/www.sabinefriess.de\/wordpress\/wp-content\/uploads\/2025\/11\/20250219_103147-1536x1251.jpg 1536w, https:\/\/www.sabinefriess.de\/wordpress\/wp-content\/uploads\/2025\/11\/20250219_103147-2048x1667.jpg 2048w, https:\/\/www.sabinefriess.de\/wordpress\/wp-content\/uploads\/2025\/11\/20250219_103147-640x521.jpg 640w\" sizes=\"auto, (max-width: 1024px) 100vw, 1024px\" \/><\/figure>\n","protected":false},"excerpt":{"rendered":"<p>Wir beginnen mit einer herzber\u00fchrenden gef\u00fchrten Meditation die dich in F\u00fchlung mit deiner Seele und deinem Herzen bringt. Du darfst deine in dir steckenden Potentiale und Gaben, deine Bestimmung und deine Wahrheit erkennen. Nun kreiere und manifestiere deine Wahrnehmungen auf deinem Visionboard. Du darfst deinem Herzen folgen und gespannt sein, was das Jahr 2026 f\u00fcr [&hellip;]<\/p>\n","protected":false},"author":1,"featured_media":0,"comment_status":"open","ping_status":"open","sticky":false,"template":"","format":"standard","meta":{"slim_seo":{"title":"\ud83d\udcab \u00a0Dein\u00a0 Visionboard f\u00fcr 2026\u00a0 \ud83d\udcab\u00a0 - Soul2Harmony","description":"Wir beginnen mit einer herzber\u00fchrenden gef\u00fchrten Meditation die dich in F\u00fchlung mit deiner Seele und deinem Herzen bringt. Du darfst deine in dir steckenden Pot"},"footnotes":""},"categories":[1,46,8],"tags":[16,38,42,13,37,53],"class_list":["post-818","post","type-post","status-publish","format-standard","hentry","category-allgemein","category-seminare","category-veranstaltungen","tag-seelenarbeit","tag-seelenbild","tag-seelenweg","tag-talente-und-potentiale","tag-visionboard","tag-zukunft"],"_links":{"self":[{"href":"https:\/\/www.sabinefriess.de\/wordpress\/wp-json\/wp\/v2\/posts\/818","targetHints":{"allow":["GET"]}}],"collection":[{"href":"https:\/\/www.sabinefriess.de\/wordpress\/wp-json\/wp\/v2\/posts"}],"about":[{"href":"https:\/\/www.sabinefriess.de\/wordpress\/wp-json\/wp\/v2\/types\/post"}],"author":[{"embeddable":true,"href":"https:\/\/www.sabinefriess.de\/wordpress\/wp-json\/wp\/v2\/users\/1"}],"replies":[{"embeddable":true,"href":"https:\/\/www.sabinefriess.de\/wordpress\/wp-json\/wp\/v2\/comments?post=818"}],"version-history":[{"count":2,"href":"https:\/\/www.sabinefriess.de\/wordpress\/wp-json\/wp\/v2\/posts\/818\/revisions"}],"predecessor-version":[{"id":875,"href":"https:\/\/www.sabinefriess.de\/wordpress\/wp-json\/wp\/v2\/posts\/818\/revisions\/875"}],"wp:attachment":[{"href":"https:\/\/www.sabinefriess.de\/wordpress\/wp-json\/wp\/v2\/media?parent=818"}],"wp:term":[{"taxonomy":"category","embeddable":true,"href":"https:\/\/www.sabinefriess.de\/wordpress\/wp-json\/wp\/v2\/categories?post=818"},{"taxonomy":"post_tag","embeddable":true,"href":"https:\/\/www.sabinefriess.de\/wordpress\/wp-json\/wp\/v2\/tags?post=818"}],"curies":[{"name":"wp","href":"https:\/\/api.w.org\/{rel}","templated":true}]}}