{"id":821,"date":"2025-11-10T15:27:28","date_gmt":"2025-11-10T14:27:28","guid":{"rendered":"https:\/\/www.sabinefriess.de\/wordpress\/?p=821"},"modified":"2025-12-05T15:59:34","modified_gmt":"2025-12-05T14:59:34","slug":"basische-fruehlings-kur-2026","status":"publish","type":"post","link":"https:\/\/www.sabinefriess.de\/wordpress\/2025\/11\/10\/basische-fruehlings-kur-2026\/","title":{"rendered":"Basische Fr\u00fchlingskur &#8211; leicht, klar, lebendig"},"content":{"rendered":"\n<p><strong>Loslassen\u00a0\u00a0 &#8211;\u00a0 Ballast abwerfen\u00a0 &#8211;\u00a0 sich befreien\u00a0 &#8211;\u00a0 erneuern\u00a0<\/strong> &#8211; <strong>sich etwas Gutes tun\u00a0 &#8211;\u00a0 K\u00f6rper, Seele und Geist kl\u00e4re<\/strong>n.<\/p>\n\n\n\n<p>F\u00fchlst du dich auch <strong>unausgeglichen, antriebslos<\/strong> und <strong>unmotiviert<\/strong>?<\/p>\n\n\n\n<p>Kneift dein Hosenbund, zwacken deine Gelenke, zeigt dir die Waage ein <strong>\u00dcbergewicht<\/strong> an und du <strong>f\u00fchlst dich einfach nicht wohl <\/strong>?<\/p>\n\n\n\n<p>Schaffst du es nicht, <strong>nach der Geburt deines Kindes<\/strong>, wieder dein <strong>Wohlf\u00fchlgewicht<\/strong> zu erreichen?<\/p>\n\n\n\n<p>Oder plagen dich dein tr\u00e4ge gewordener Stoffwechsel, deine Stimmungsn\u00f6te in den <strong>Wechseljahren<\/strong>?<\/p>\n\n\n\n<p>Wie w\u00e4re es, wenn du <strong>ausgeglichen<\/strong> und <strong>voller Elan<\/strong>, mit <strong>einigen Pfunden weniger<\/strong> und von innen heraus <strong>gereinigt und \u201eerneuert<\/strong>\u201c nach der Basenfasten-Kur durchstarten k\u00f6nntest?<\/p>\n\n\n\n<p>Mit meiner bew\u00e4hrten Basenfasten-Kur, <strong>mit Entgiftungsmassage und \u00dcbungen<\/strong>, kannst du dich effektiv und nachhaltig von \u00fcberfl\u00fcssigen Schlacken, S\u00e4uren und Schadstoffen (z.B. nach Impfungen, Medikamenteneinnahme, Chemotherapie\u2026) befreien. Du unterst\u00fctzt damit deine k\u00f6rperliche und mentale Gesundheit auf allen Ebenen, kannst Erkrankungen vorbeugen, Beschwerden reduzieren. Dein K\u00f6rper und Geist werden&nbsp;leichter, neue <strong>Energie<\/strong> und <strong>Vitalit\u00e4t<\/strong> ziehen ein..<\/p>\n\n\n\n<p><strong>Und das ganz OHNE Di\u00e4t und hungern <\/strong><strong>\u263a<\/strong><strong>!<\/strong><\/p>\n\n\n\n<p>Erfahre wie du im K\u00f6rper abgelagerte Schadstoffe, Medikamente, \u00fcberfl\u00fcssige Schlacken l\u00f6sen und ausleiten, Vitamin- und Mineralstoffdepots gezielt auff\u00fcllen kannst. Ich biete dir au\u00dferdem Tipps f\u00fcr die Zeit <strong>nach<\/strong> der Basenfasten-Kur.<\/p>\n\n\n\n<p><a>\ud83d\udcab<\/a> Basische Fr\u00fchlingskur &#8211; 3-teilig\ud83d\udcab &nbsp;&nbsp;&nbsp;&nbsp;&nbsp;&nbsp;&nbsp;&nbsp;&nbsp;&nbsp;&nbsp;&nbsp;&nbsp;&nbsp;&nbsp;&nbsp;&nbsp;&nbsp;&nbsp;&nbsp;&nbsp;&nbsp;&nbsp;&nbsp;&nbsp;&nbsp;&nbsp;&nbsp;&nbsp;&nbsp;&nbsp;&nbsp;&nbsp;&nbsp;&nbsp;&nbsp;&nbsp;&nbsp;&nbsp;&nbsp;&nbsp;&nbsp;&nbsp;&nbsp;&nbsp;&nbsp;&nbsp;&nbsp;&nbsp;&nbsp;&nbsp;&nbsp;&nbsp;&nbsp;&nbsp;&nbsp;&nbsp;&nbsp;&nbsp;&nbsp;&nbsp;&nbsp;&nbsp;&nbsp;&nbsp;&nbsp;&nbsp;&nbsp;&nbsp;&nbsp;&nbsp;&nbsp;&nbsp;&nbsp;&nbsp;&nbsp;&nbsp;&nbsp;<\/p>\n\n\n\n<p>\ud83d\udcab Samstag, 28. Februar 2026 Teil 1*\ud83d\udcab 14:00 \u2013 16:00 Uhr&nbsp;&nbsp;&nbsp;&nbsp;&nbsp;&nbsp;&nbsp;&nbsp;&nbsp;&nbsp;&nbsp;&nbsp;&nbsp;&nbsp;&nbsp;&nbsp;&nbsp;&nbsp;&nbsp;&nbsp;&nbsp;&nbsp;&nbsp;&nbsp;&nbsp;&nbsp;&nbsp;&nbsp;&nbsp;&nbsp;&nbsp;&nbsp;&nbsp;&nbsp;&nbsp;&nbsp;&nbsp;&nbsp;&nbsp;&nbsp;&nbsp;&nbsp;&nbsp;&nbsp;&nbsp;&nbsp;&nbsp;&nbsp;&nbsp;&nbsp;&nbsp;&nbsp;&nbsp;&nbsp;<\/p>\n\n\n\n<p>\ud83d\udcab Samstag, 21. M\u00e4rz 2026 Teil 2 online\ud83d\udcab 14:00 \u2013 15:00 Uhr&nbsp;&nbsp;&nbsp;&nbsp;&nbsp;&nbsp;&nbsp;&nbsp;&nbsp;&nbsp;&nbsp;&nbsp;&nbsp;&nbsp;&nbsp;&nbsp;&nbsp;&nbsp;&nbsp;&nbsp;&nbsp;&nbsp;&nbsp;&nbsp;&nbsp;&nbsp;&nbsp;&nbsp;&nbsp;&nbsp;&nbsp;&nbsp;&nbsp;&nbsp;&nbsp;&nbsp;&nbsp;&nbsp;&nbsp;&nbsp;&nbsp;&nbsp;&nbsp;&nbsp;&nbsp;&nbsp;&nbsp;&nbsp;&nbsp;&nbsp;&nbsp;&nbsp; &nbsp;&nbsp;<\/p>\n\n\n\n<p>\ud83d\udcab Samstag, 28. M\u00e4rz 2026 Teil 3*\ud83d\udcab 14:00 \u2013 16:00 Uhr&nbsp;&nbsp;&nbsp;&nbsp;&nbsp;&nbsp;&nbsp;&nbsp;&nbsp;&nbsp;&nbsp;&nbsp;&nbsp;&nbsp;&nbsp;&nbsp;&nbsp;&nbsp;&nbsp;&nbsp;&nbsp;&nbsp;&nbsp;&nbsp;&nbsp;&nbsp;&nbsp;&nbsp;&nbsp;&nbsp;&nbsp;&nbsp;&nbsp;&nbsp;&nbsp;&nbsp;&nbsp;&nbsp;&nbsp;&nbsp;&nbsp;&nbsp;&nbsp;&nbsp;&nbsp;&nbsp;&nbsp;&nbsp;&nbsp;&nbsp;&nbsp;&nbsp;&nbsp; &nbsp;&nbsp;&nbsp;&nbsp;&nbsp;&nbsp;<\/p>\n\n\n\n<p>\ud83d\udcab * im Bewegungsraum, Riedstra\u00dfe 2, 64295 Darmstadt&nbsp;&nbsp;&nbsp;&nbsp;&nbsp;&nbsp;&nbsp;&nbsp;&nbsp;&nbsp;&nbsp;&nbsp;&nbsp;&nbsp;&nbsp;&nbsp;&nbsp;&nbsp;&nbsp;&nbsp;&nbsp;&nbsp;&nbsp;&nbsp;&nbsp;&nbsp;&nbsp;&nbsp;&nbsp;&nbsp;&nbsp;&nbsp;<\/p>\n\n\n\n<p>\ud83d\udcab Kosten 95 \u20ac zzgl. ausf\u00fchrlichem Skript 7 \u20ac&nbsp;&nbsp;&nbsp;&nbsp;&nbsp;&nbsp;&nbsp;&nbsp;&nbsp;&nbsp;&nbsp;&nbsp;&nbsp;&nbsp;&nbsp;&nbsp;&nbsp;&nbsp;&nbsp;&nbsp;&nbsp;&nbsp;&nbsp;&nbsp;&nbsp;&nbsp;&nbsp;&nbsp;&nbsp;&nbsp;&nbsp;&nbsp;&nbsp;&nbsp;&nbsp;&nbsp;&nbsp;&nbsp;&nbsp;&nbsp;&nbsp;&nbsp;&nbsp;&nbsp;&nbsp;&nbsp;&nbsp;&nbsp;&nbsp;&nbsp;&nbsp;&nbsp;&nbsp;&nbsp;&nbsp;&nbsp;&nbsp;&nbsp;&nbsp;&nbsp;&nbsp;&nbsp;&nbsp;&nbsp;&nbsp;&nbsp;&nbsp;&nbsp;&nbsp;&nbsp;&nbsp;&nbsp;&nbsp;&nbsp;&nbsp;<\/p>\n\n\n\n<p>\ud83d\udcab Anmeldung bis zum 18.02.2026 an <a href=\"mailto:sabine.kroll@email.de\">sabine.kroll@email.de<\/a>, Tel, sms, Signal: 0171 \u2013 875 62 95 \ud83d\udcab<\/p>\n\n\n\n<p><img loading=\"lazy\" decoding=\"async\" width=\"112\" height=\"125\" src=\"\">Ich freue mich sehr auf diese Zeit mit dir! \ud83d\udcab Herzlichst Sabine Lilith \ud83d\udcab<\/p>\n","protected":false},"excerpt":{"rendered":"<p>Loslassen\u00a0\u00a0 &#8211;\u00a0 Ballast abwerfen\u00a0 &#8211;\u00a0 sich befreien\u00a0 &#8211;\u00a0 erneuern\u00a0 &#8211; sich etwas Gutes tun\u00a0 &#8211;\u00a0 K\u00f6rper, Seele und Geist kl\u00e4ren. F\u00fchlst du dich auch unausgeglichen, antriebslos und unmotiviert? Kneift dein Hosenbund, zwacken deine Gelenke, zeigt dir die Waage ein \u00dcbergewicht an und du f\u00fchlst dich einfach nicht wohl ? Schaffst du es nicht, nach der [&hellip;]<\/p>\n","protected":false},"author":1,"featured_media":0,"comment_status":"open","ping_status":"open","sticky":false,"template":"","format":"standard","meta":{"slim_seo":{"title":"Basische Fr\u00fchlingskur - leicht, klar, lebendig - Soul2Harmony","description":"Loslassen\u00a0\u00a0 -\u00a0 Ballast abwerfen\u00a0 -\u00a0 sich befreien\u00a0 -\u00a0 erneuern\u00a0 - sich etwas Gutes tun\u00a0 -\u00a0 K\u00f6rper, Seele und Geist kl\u00e4re n. F\u00fchlst du dich auch unausgeglichen,"},"footnotes":""},"categories":[1,46,8],"tags":[47,26,51,30,31,48,49,52,50],"class_list":["post-821","post","type-post","status-publish","format-standard","hentry","category-allgemein","category-seminare","category-veranstaltungen","tag-ausleitung","tag-basenfasten","tag-elan","tag-entgiftung","tag-entschlackung","tag-gewicht-reduzieren","tag-kopf-frei-machen","tag-leichtigkeit","tag-schwung"],"_links":{"self":[{"href":"https:\/\/www.sabinefriess.de\/wordpress\/wp-json\/wp\/v2\/posts\/821","targetHints":{"allow":["GET"]}}],"collection":[{"href":"https:\/\/www.sabinefriess.de\/wordpress\/wp-json\/wp\/v2\/posts"}],"about":[{"href":"https:\/\/www.sabinefriess.de\/wordpress\/wp-json\/wp\/v2\/types\/post"}],"author":[{"embeddable":true,"href":"https:\/\/www.sabinefriess.de\/wordpress\/wp-json\/wp\/v2\/users\/1"}],"replies":[{"embeddable":true,"href":"https:\/\/www.sabinefriess.de\/wordpress\/wp-json\/wp\/v2\/comments?post=821"}],"version-history":[{"count":10,"href":"https:\/\/www.sabinefriess.de\/wordpress\/wp-json\/wp\/v2\/posts\/821\/revisions"}],"predecessor-version":[{"id":878,"href":"https:\/\/www.sabinefriess.de\/wordpress\/wp-json\/wp\/v2\/posts\/821\/revisions\/878"}],"wp:attachment":[{"href":"https:\/\/www.sabinefriess.de\/wordpress\/wp-json\/wp\/v2\/media?parent=821"}],"wp:term":[{"taxonomy":"category","embeddable":true,"href":"https:\/\/www.sabinefriess.de\/wordpress\/wp-json\/wp\/v2\/categories?post=821"},{"taxonomy":"post_tag","embeddable":true,"href":"https:\/\/www.sabinefriess.de\/wordpress\/wp-json\/wp\/v2\/tags?post=821"}],"curies":[{"name":"wp","href":"https:\/\/api.w.org\/{rel}","templated":true}]}}